{"id":561,"date":"2024-02-16T11:11:02","date_gmt":"2024-02-16T14:11:02","guid":{"rendered":"https:\/\/avicenamedicina.com.br\/?p=561"},"modified":"2024-02-16T11:11:02","modified_gmt":"2024-02-16T14:11:02","slug":"autismo","status":"publish","type":"post","link":"https:\/\/avicenamedicina.com.br\/index.php\/2024\/02\/16\/autismo\/","title":{"rendered":"Autismo"},"content":{"rendered":"<p class=\"yiv8499130092MsoNormal\" style=\"text-align: justify;\">O autismo \u00e9 um transtorno do neurodesenvolvimento que pode ser diagnosticado j\u00e1 nos primeiros anos de vida. Nesta condi\u00e7\u00e3o, os pais buscam atendimento m\u00e9dico quando seus filhos apresentam atrasos no desenvolvimento da fala, preju\u00edzos nas intera\u00e7\u00f5es sociais e interesses e atividades restritos. A crian\u00e7a pode ter dificuldade em fazer ou manter o contato visual direto e apresentar comportamentos incomuns, como focar em partes de objetos (por exemplo, a roda girat\u00f3ria de um carrinho de brinquedo ou enfileirar objetos).<\/p>\n<p class=\"yiv8499130092MsoNormal\" style=\"text-align: justify;\">Al\u00e9m disso, as \u201cestereotipias\u201d (i.e. comportamentos motores ou vocais repetitivos inesperados \u00e0s circunst\u00e2ncias), como sacudir as m\u00e3os, balanceio ou andar na ponta dos p\u00e9s costumam estar presentes.<\/p>\n<p class=\"yiv8499130092MsoNormal\" style=\"text-align: justify;\">O diagn\u00f3stico de autismo requer a presen\u00e7a de d\u00e9ficits marcados na comunica\u00e7\u00e3o e intera\u00e7\u00e3o social e um padr\u00e3o repetitivo e restrito de comportamento, atividades ou interesses.<\/p>\n<p style=\"text-align: justify;\"><em>**Dra Lorenna Sena, Psiquiatra da inf\u00e2ncia e da adolesc\u00eancia, Doutora em psiquiatria pela UFRGS.<\/em><\/p>\n","protected":false},"excerpt":{"rendered":"<p>O autismo \u00e9 um transtorno do neurodesenvolvimento que pode ser diagnosticado j\u00e1 nos primeiros anos de vida. Nesta condi\u00e7\u00e3o, os pais buscam atendimento m\u00e9dico quando seus filhos apresentam atrasos no desenvolvimento da fala, preju\u00edzos nas intera\u00e7\u00f5es sociais e interesses e atividades restritos. A crian\u00e7a pode ter dificuldade em fazer ou manter o contato visual direto [&hellip;]<\/p>\n","protected":false},"author":1,"featured_media":565,"comment_status":"open","ping_status":"open","sticky":false,"template":"","format":"standard","meta":{"footnotes":""},"categories":[7],"tags":[],"yoast_head":"<!-- This site is optimized with the Yoast SEO plugin v22.2 - https:\/\/yoast.com\/wordpress\/plugins\/seo\/ -->\n<title>Autismo - AVICENA MEDICINA<\/title>\n<meta name=\"robots\" content=\"index, follow, max-snippet:-1, max-image-preview:large, max-video-preview:-1\" \/>\n<link rel=\"canonical\" href=\"https:\/\/avicenamedicina.com.br\/index.php\/2024\/02\/16\/autismo\/\" \/>\n<meta property=\"og:locale\" content=\"pt_BR\" \/>\n<meta property=\"og:type\" content=\"article\" \/>\n<meta property=\"og:title\" content=\"Autismo - AVICENA MEDICINA\" \/>\n<meta property=\"og:description\" content=\"O autismo \u00e9 um transtorno do neurodesenvolvimento que pode ser diagnosticado j\u00e1 nos primeiros anos de vida. Nesta condi\u00e7\u00e3o, os pais buscam atendimento m\u00e9dico quando seus filhos apresentam atrasos no desenvolvimento da fala, preju\u00edzos nas intera\u00e7\u00f5es sociais e interesses e atividades restritos. A crian\u00e7a pode ter dificuldade em fazer ou manter o contato visual direto [&hellip;]\" \/>\n<meta property=\"og:url\" content=\"https:\/\/avicenamedicina.com.br\/index.php\/2024\/02\/16\/autismo\/\" \/>\n<meta property=\"og:site_name\" content=\"AVICENA MEDICINA\" \/>\n<meta property=\"article:published_time\" content=\"2024-02-16T14:11:02+00:00\" \/>\n<meta property=\"og:image\" content=\"https:\/\/avicenamedicina.com.br\/wp-content\/uploads\/2024\/02\/autismo.jpg\" \/>\n\t<meta property=\"og:image:width\" content=\"275\" \/>\n\t<meta property=\"og:image:height\" content=\"183\" \/>\n\t<meta property=\"og:image:type\" content=\"image\/jpeg\" \/>\n<meta name=\"author\" content=\"socialseven\" \/>\n<meta name=\"twitter:card\" content=\"summary_large_image\" \/>\n<meta name=\"twitter:label1\" content=\"Escrito por\" \/>\n\t<meta name=\"twitter:data1\" content=\"socialseven\" \/>\n\t<meta name=\"twitter:label2\" content=\"Est. tempo de leitura\" \/>\n\t<meta name=\"twitter:data2\" content=\"1 minuto\" \/>\n<script type=\"application\/ld+json\" class=\"yoast-schema-graph\">{\"@context\":\"https:\/\/schema.org\",\"@graph\":[{\"@type\":\"WebPage\",\"@id\":\"https:\/\/avicenamedicina.com.br\/index.php\/2024\/02\/16\/autismo\/\",\"url\":\"https:\/\/avicenamedicina.com.br\/index.php\/2024\/02\/16\/autismo\/\",\"name\":\"Autismo - AVICENA MEDICINA\",\"isPartOf\":{\"@id\":\"https:\/\/avicenamedicina.com.br\/#website\"},\"primaryImageOfPage\":{\"@id\":\"https:\/\/avicenamedicina.com.br\/index.php\/2024\/02\/16\/autismo\/#primaryimage\"},\"image\":{\"@id\":\"https:\/\/avicenamedicina.com.br\/index.php\/2024\/02\/16\/autismo\/#primaryimage\"},\"thumbnailUrl\":\"https:\/\/avicenamedicina.com.br\/wp-content\/uploads\/2024\/02\/autismo.jpg\",\"datePublished\":\"2024-02-16T14:11:02+00:00\",\"dateModified\":\"2024-02-16T14:11:02+00:00\",\"author\":{\"@id\":\"https:\/\/avicenamedicina.com.br\/#\/schema\/person\/b7c4979e8ff18d3ec329062280524b66\"},\"breadcrumb\":{\"@id\":\"https:\/\/avicenamedicina.com.br\/index.php\/2024\/02\/16\/autismo\/#breadcrumb\"},\"inLanguage\":\"pt-BR\",\"potentialAction\":[{\"@type\":\"ReadAction\",\"target\":[\"https:\/\/avicenamedicina.com.br\/index.php\/2024\/02\/16\/autismo\/\"]}]},{\"@type\":\"ImageObject\",\"inLanguage\":\"pt-BR\",\"@id\":\"https:\/\/avicenamedicina.com.br\/index.php\/2024\/02\/16\/autismo\/#primaryimage\",\"url\":\"https:\/\/avicenamedicina.com.br\/wp-content\/uploads\/2024\/02\/autismo.jpg\",\"contentUrl\":\"https:\/\/avicenamedicina.com.br\/wp-content\/uploads\/2024\/02\/autismo.jpg\",\"width\":275,\"height\":183},{\"@type\":\"BreadcrumbList\",\"@id\":\"https:\/\/avicenamedicina.com.br\/index.php\/2024\/02\/16\/autismo\/#breadcrumb\",\"itemListElement\":[{\"@type\":\"ListItem\",\"position\":1,\"name\":\"In\u00edcio\",\"item\":\"https:\/\/avicenamedicina.com.br\/\"},{\"@type\":\"ListItem\",\"position\":2,\"name\":\"Autismo\"}]},{\"@type\":\"WebSite\",\"@id\":\"https:\/\/avicenamedicina.com.br\/#website\",\"url\":\"https:\/\/avicenamedicina.com.br\/\",\"name\":\"AVICENA MEDICINA\",\"description\":\"\",\"potentialAction\":[{\"@type\":\"SearchAction\",\"target\":{\"@type\":\"EntryPoint\",\"urlTemplate\":\"https:\/\/avicenamedicina.com.br\/?s={search_term_string}\"},\"query-input\":\"required name=search_term_string\"}],\"inLanguage\":\"pt-BR\"},{\"@type\":\"Person\",\"@id\":\"https:\/\/avicenamedicina.com.br\/#\/schema\/person\/b7c4979e8ff18d3ec329062280524b66\",\"name\":\"socialseven\",\"image\":{\"@type\":\"ImageObject\",\"inLanguage\":\"pt-BR\",\"@id\":\"https:\/\/avicenamedicina.com.br\/#\/schema\/person\/image\/\",\"url\":\"https:\/\/secure.gravatar.com\/avatar\/db2cb1c6bcac3ea113cb47f63a090ae7?s=96&d=mm&r=g\",\"contentUrl\":\"https:\/\/secure.gravatar.com\/avatar\/db2cb1c6bcac3ea113cb47f63a090ae7?s=96&d=mm&r=g\",\"caption\":\"socialseven\"},\"sameAs\":[\"https:\/\/avicenamedicina.com.br\"],\"url\":\"https:\/\/avicenamedicina.com.br\/index.php\/author\/socialseven\/\"}]}<\/script>\n<!-- \/ Yoast SEO plugin. -->","yoast_head_json":{"title":"Autismo - AVICENA MEDICINA","robots":{"index":"index","follow":"follow","max-snippet":"max-snippet:-1","max-image-preview":"max-image-preview:large","max-video-preview":"max-video-preview:-1"},"canonical":"https:\/\/avicenamedicina.com.br\/index.php\/2024\/02\/16\/autismo\/","og_locale":"pt_BR","og_type":"article","og_title":"Autismo - AVICENA MEDICINA","og_description":"O autismo \u00e9 um transtorno do neurodesenvolvimento que pode ser diagnosticado j\u00e1 nos primeiros anos de vida. Nesta condi\u00e7\u00e3o, os pais buscam atendimento m\u00e9dico quando seus filhos apresentam atrasos no desenvolvimento da fala, preju\u00edzos nas intera\u00e7\u00f5es sociais e interesses e atividades restritos. A crian\u00e7a pode ter dificuldade em fazer ou manter o contato visual direto [&hellip;]","og_url":"https:\/\/avicenamedicina.com.br\/index.php\/2024\/02\/16\/autismo\/","og_site_name":"AVICENA MEDICINA","article_published_time":"2024-02-16T14:11:02+00:00","og_image":[{"width":275,"height":183,"url":"https:\/\/avicenamedicina.com.br\/wp-content\/uploads\/2024\/02\/autismo.jpg","type":"image\/jpeg"}],"author":"socialseven","twitter_card":"summary_large_image","twitter_misc":{"Escrito por":"socialseven","Est. tempo de leitura":"1 minuto"},"schema":{"@context":"https:\/\/schema.org","@graph":[{"@type":"WebPage","@id":"https:\/\/avicenamedicina.com.br\/index.php\/2024\/02\/16\/autismo\/","url":"https:\/\/avicenamedicina.com.br\/index.php\/2024\/02\/16\/autismo\/","name":"Autismo - AVICENA MEDICINA","isPartOf":{"@id":"https:\/\/avicenamedicina.com.br\/#website"},"primaryImageOfPage":{"@id":"https:\/\/avicenamedicina.com.br\/index.php\/2024\/02\/16\/autismo\/#primaryimage"},"image":{"@id":"https:\/\/avicenamedicina.com.br\/index.php\/2024\/02\/16\/autismo\/#primaryimage"},"thumbnailUrl":"https:\/\/avicenamedicina.com.br\/wp-content\/uploads\/2024\/02\/autismo.jpg","datePublished":"2024-02-16T14:11:02+00:00","dateModified":"2024-02-16T14:11:02+00:00","author":{"@id":"https:\/\/avicenamedicina.com.br\/#\/schema\/person\/b7c4979e8ff18d3ec329062280524b66"},"breadcrumb":{"@id":"https:\/\/avicenamedicina.com.br\/index.php\/2024\/02\/16\/autismo\/#breadcrumb"},"inLanguage":"pt-BR","potentialAction":[{"@type":"ReadAction","target":["https:\/\/avicenamedicina.com.br\/index.php\/2024\/02\/16\/autismo\/"]}]},{"@type":"ImageObject","inLanguage":"pt-BR","@id":"https:\/\/avicenamedicina.com.br\/index.php\/2024\/02\/16\/autismo\/#primaryimage","url":"https:\/\/avicenamedicina.com.br\/wp-content\/uploads\/2024\/02\/autismo.jpg","contentUrl":"https:\/\/avicenamedicina.com.br\/wp-content\/uploads\/2024\/02\/autismo.jpg","width":275,"height":183},{"@type":"BreadcrumbList","@id":"https:\/\/avicenamedicina.com.br\/index.php\/2024\/02\/16\/autismo\/#breadcrumb","itemListElement":[{"@type":"ListItem","position":1,"name":"In\u00edcio","item":"https:\/\/avicenamedicina.com.br\/"},{"@type":"ListItem","position":2,"name":"Autismo"}]},{"@type":"WebSite","@id":"https:\/\/avicenamedicina.com.br\/#website","url":"https:\/\/avicenamedicina.com.br\/","name":"AVICENA MEDICINA","description":"","potentialAction":[{"@type":"SearchAction","target":{"@type":"EntryPoint","urlTemplate":"https:\/\/avicenamedicina.com.br\/?s={search_term_string}"},"query-input":"required name=search_term_string"}],"inLanguage":"pt-BR"},{"@type":"Person","@id":"https:\/\/avicenamedicina.com.br\/#\/schema\/person\/b7c4979e8ff18d3ec329062280524b66","name":"socialseven","image":{"@type":"ImageObject","inLanguage":"pt-BR","@id":"https:\/\/avicenamedicina.com.br\/#\/schema\/person\/image\/","url":"https:\/\/secure.gravatar.com\/avatar\/db2cb1c6bcac3ea113cb47f63a090ae7?s=96&d=mm&r=g","contentUrl":"https:\/\/secure.gravatar.com\/avatar\/db2cb1c6bcac3ea113cb47f63a090ae7?s=96&d=mm&r=g","caption":"socialseven"},"sameAs":["https:\/\/avicenamedicina.com.br"],"url":"https:\/\/avicenamedicina.com.br\/index.php\/author\/socialseven\/"}]}},"_links":{"self":[{"href":"https:\/\/avicenamedicina.com.br\/index.php\/wp-json\/wp\/v2\/posts\/561"}],"collection":[{"href":"https:\/\/avicenamedicina.com.br\/index.php\/wp-json\/wp\/v2\/posts"}],"about":[{"href":"https:\/\/avicenamedicina.com.br\/index.php\/wp-json\/wp\/v2\/types\/post"}],"author":[{"embeddable":true,"href":"https:\/\/avicenamedicina.com.br\/index.php\/wp-json\/wp\/v2\/users\/1"}],"replies":[{"embeddable":true,"href":"https:\/\/avicenamedicina.com.br\/index.php\/wp-json\/wp\/v2\/comments?post=561"}],"version-history":[{"count":1,"href":"https:\/\/avicenamedicina.com.br\/index.php\/wp-json\/wp\/v2\/posts\/561\/revisions"}],"predecessor-version":[{"id":566,"href":"https:\/\/avicenamedicina.com.br\/index.php\/wp-json\/wp\/v2\/posts\/561\/revisions\/566"}],"wp:featuredmedia":[{"embeddable":true,"href":"https:\/\/avicenamedicina.com.br\/index.php\/wp-json\/wp\/v2\/media\/565"}],"wp:attachment":[{"href":"https:\/\/avicenamedicina.com.br\/index.php\/wp-json\/wp\/v2\/media?parent=561"}],"wp:term":[{"taxonomy":"category","embeddable":true,"href":"https:\/\/avicenamedicina.com.br\/index.php\/wp-json\/wp\/v2\/categories?post=561"},{"taxonomy":"post_tag","embeddable":true,"href":"https:\/\/avicenamedicina.com.br\/index.php\/wp-json\/wp\/v2\/tags?post=561"}],"curies":[{"name":"wp","href":"https:\/\/api.w.org\/{rel}","templated":true}]}}