{"id":718,"date":"2024-02-16T18:22:50","date_gmt":"2024-02-16T21:22:50","guid":{"rendered":"https:\/\/avicenamedicina.com.br\/?p=718"},"modified":"2024-02-16T18:22:50","modified_gmt":"2024-02-16T21:22:50","slug":"isotretinoina-no-tratamento-da-acne","status":"publish","type":"post","link":"https:\/\/avicenamedicina.com.br\/index.php\/2024\/02\/16\/isotretinoina-no-tratamento-da-acne\/","title":{"rendered":"Isotretino\u00edna no tratamento da acne"},"content":{"rendered":"<p style=\"text-align: justify;\">A Sociedade Brasileira de Dermatologia esclarece que a acne vulgar \u00e9 uma das doen\u00e7as mais comuns tratadas por dermatologistas, afetando aproximadamente 80% da popula\u00e7\u00e3o em algum momento de suas vidas. A evolu\u00e7\u00e3o da acne pode levar a cicatrizes inest\u00e9ticas e afetar autoestima dos pacientes. O tratamento precoce e eficaz pode prevenir esses problemas. A isotretino\u00edna oral est\u00e1 dispon\u00edvel para este fim desde 1982 e tem contribu\u00eddo com melhora significativa na qualidade de vida de numerosos pacientes com acne.<\/p>\n<p style=\"text-align: justify;\">\u00c9 atualmente o \u00fanico tratamento dispon\u00edvel para acne com efeito potencialmente curativo a longo prazo. Seu mecanismo de a\u00e7\u00e3o envolve atrofia definitiva das gl\u00e2ndulas seb\u00e1ceas da pele impedindo novas les\u00f5es na pele ap\u00f3s o uso de doses individualizadas baseadas nas caracter\u00edsticas e evolu\u00e7\u00e3o de cada paciente. A isotretino\u00edna n\u00e3o apresenta efeitos delet\u00e9rios em outras gl\u00e2ndulas do organismo.<\/p>\n<p style=\"text-align: justify;\">Apesar de sua efic\u00e1cia incompar\u00e1vel, a isotretino\u00edna apresenta riscos, fazendo com que o acompanhamento dermatol\u00f3gico ao longo do tratamento seja fundamental. Revis\u00f5es recentes em larga escala t\u00eam contribu\u00eddo para esclarecer os riscos associados. A preven\u00e7\u00e3o de gravidez durante o tratamento \u00e9 fundamental para mulheres em idade f\u00e9rtil, dado que consta do termo de consentimento.<\/p>\n<p style=\"text-align: justify;\">Os efeitos colaterais exigem acompanhamento dermatol\u00f3gico frequente durante e logo ap\u00f3s o tratamento: altera\u00e7\u00f5es de fun\u00e7\u00e3o hep\u00e1tica, aumento de colesterol e triglicer\u00eddeos podem ocorrer. H\u00e1 ainda relatos de depress\u00e3o e suic\u00eddio durante o tratamento. A taxa de ansiedade, depress\u00e3o, suic\u00eddio e idea\u00e7\u00e3o suicida j\u00e1 \u00e9 elevada em adultos jovens, coincidindo com a popula\u00e7\u00e3o mais comumente afetada pela acne que requer tratamento com isotretino\u00edna. N\u00e3o obstante, os escores de depress\u00e3o melhoraram com o tratamento da acne. \u00c9 importante ressaltar que devido a poss\u00edveis rea\u00e7\u00f5es individuais \u00e0 isotretino\u00edna podem ocorrer \u00e9 uma hist\u00f3ria cl\u00ednica cuidadosa \u00e9 necess\u00e1ria antes da indica\u00e7\u00e3o s no seguimento. A comunica\u00e7\u00e3o aberta entre o dermatologista prescritor de isotretino\u00edna, o paciente e a fam\u00edlia, e o provedor de cuidados de sa\u00fade mental \u00e9 imprescind\u00edvel.<\/p>\n<p style=\"text-align: justify;\">O dermatologista \u00e9 o especialista indicado para orientar o paciente, prescrever e acompanhar o tratamento da acne.<\/p>\n<h6 style=\"text-align: justify;\"><em>Fonte: Landis MN. Optimizing Isotretinoin Treatment of Acne: Update on Current Recommendations for Monitoring, Dosing, Safety, Adverse Effects, Compliance, andOutcomes. Am J Clin Dermatol. 2020 Jun;21(3):411-419.Huang YC, Cheng YC. Isotretinoin treatment for acne andrisk of depression: a systematic review and meta-analysis. J Am Acad Dermatol. 2017;76(6):1068\u20131076.e9.<\/em><\/h6>\n","protected":false},"excerpt":{"rendered":"<p>A Sociedade Brasileira de Dermatologia esclarece que a acne vulgar \u00e9 uma das doen\u00e7as mais comuns tratadas por dermatologistas, afetando aproximadamente 80% da popula\u00e7\u00e3o em algum momento de suas vidas. A evolu\u00e7\u00e3o da acne pode levar a cicatrizes inest\u00e9ticas e afetar autoestima dos pacientes. O tratamento precoce e eficaz pode prevenir esses problemas. A isotretino\u00edna [&hellip;]<\/p>\n","protected":false},"author":1,"featured_media":726,"comment_status":"open","ping_status":"open","sticky":false,"template":"","format":"standard","meta":{"footnotes":""},"categories":[9],"tags":[],"yoast_head":"<!-- This site is optimized with the Yoast SEO plugin v22.2 - https:\/\/yoast.com\/wordpress\/plugins\/seo\/ -->\n<title>Isotretino\u00edna no tratamento da acne - AVICENA MEDICINA<\/title>\n<meta name=\"robots\" content=\"index, follow, max-snippet:-1, max-image-preview:large, max-video-preview:-1\" \/>\n<link rel=\"canonical\" href=\"https:\/\/avicenamedicina.com.br\/index.php\/2024\/02\/16\/isotretinoina-no-tratamento-da-acne\/\" \/>\n<meta property=\"og:locale\" content=\"pt_BR\" \/>\n<meta property=\"og:type\" content=\"article\" \/>\n<meta property=\"og:title\" content=\"Isotretino\u00edna no tratamento da acne - AVICENA MEDICINA\" \/>\n<meta property=\"og:description\" content=\"A Sociedade Brasileira de Dermatologia esclarece que a acne vulgar \u00e9 uma das doen\u00e7as mais comuns tratadas por dermatologistas, afetando aproximadamente 80% da popula\u00e7\u00e3o em algum momento de suas vidas. A evolu\u00e7\u00e3o da acne pode levar a cicatrizes inest\u00e9ticas e afetar autoestima dos pacientes. O tratamento precoce e eficaz pode prevenir esses problemas. A isotretino\u00edna [&hellip;]\" \/>\n<meta property=\"og:url\" content=\"https:\/\/avicenamedicina.com.br\/index.php\/2024\/02\/16\/isotretinoina-no-tratamento-da-acne\/\" \/>\n<meta property=\"og:site_name\" content=\"AVICENA MEDICINA\" \/>\n<meta property=\"article:published_time\" content=\"2024-02-16T21:22:50+00:00\" \/>\n<meta property=\"og:image\" content=\"https:\/\/avicenamedicina.com.br\/wp-content\/uploads\/2024\/02\/acne.jpg\" \/>\n\t<meta property=\"og:image:width\" content=\"666\" \/>\n\t<meta property=\"og:image:height\" content=\"370\" \/>\n\t<meta property=\"og:image:type\" content=\"image\/jpeg\" \/>\n<meta name=\"author\" content=\"socialseven\" \/>\n<meta name=\"twitter:card\" content=\"summary_large_image\" \/>\n<meta name=\"twitter:label1\" content=\"Escrito por\" \/>\n\t<meta name=\"twitter:data1\" content=\"socialseven\" \/>\n\t<meta name=\"twitter:label2\" content=\"Est. tempo de leitura\" \/>\n\t<meta name=\"twitter:data2\" content=\"2 minutos\" \/>\n<script type=\"application\/ld+json\" class=\"yoast-schema-graph\">{\"@context\":\"https:\/\/schema.org\",\"@graph\":[{\"@type\":\"WebPage\",\"@id\":\"https:\/\/avicenamedicina.com.br\/index.php\/2024\/02\/16\/isotretinoina-no-tratamento-da-acne\/\",\"url\":\"https:\/\/avicenamedicina.com.br\/index.php\/2024\/02\/16\/isotretinoina-no-tratamento-da-acne\/\",\"name\":\"Isotretino\u00edna no tratamento da acne - AVICENA MEDICINA\",\"isPartOf\":{\"@id\":\"https:\/\/avicenamedicina.com.br\/#website\"},\"primaryImageOfPage\":{\"@id\":\"https:\/\/avicenamedicina.com.br\/index.php\/2024\/02\/16\/isotretinoina-no-tratamento-da-acne\/#primaryimage\"},\"image\":{\"@id\":\"https:\/\/avicenamedicina.com.br\/index.php\/2024\/02\/16\/isotretinoina-no-tratamento-da-acne\/#primaryimage\"},\"thumbnailUrl\":\"https:\/\/avicenamedicina.com.br\/wp-content\/uploads\/2024\/02\/acne.jpg\",\"datePublished\":\"2024-02-16T21:22:50+00:00\",\"dateModified\":\"2024-02-16T21:22:50+00:00\",\"author\":{\"@id\":\"https:\/\/avicenamedicina.com.br\/#\/schema\/person\/b7c4979e8ff18d3ec329062280524b66\"},\"breadcrumb\":{\"@id\":\"https:\/\/avicenamedicina.com.br\/index.php\/2024\/02\/16\/isotretinoina-no-tratamento-da-acne\/#breadcrumb\"},\"inLanguage\":\"pt-BR\",\"potentialAction\":[{\"@type\":\"ReadAction\",\"target\":[\"https:\/\/avicenamedicina.com.br\/index.php\/2024\/02\/16\/isotretinoina-no-tratamento-da-acne\/\"]}]},{\"@type\":\"ImageObject\",\"inLanguage\":\"pt-BR\",\"@id\":\"https:\/\/avicenamedicina.com.br\/index.php\/2024\/02\/16\/isotretinoina-no-tratamento-da-acne\/#primaryimage\",\"url\":\"https:\/\/avicenamedicina.com.br\/wp-content\/uploads\/2024\/02\/acne.jpg\",\"contentUrl\":\"https:\/\/avicenamedicina.com.br\/wp-content\/uploads\/2024\/02\/acne.jpg\",\"width\":666,\"height\":370},{\"@type\":\"BreadcrumbList\",\"@id\":\"https:\/\/avicenamedicina.com.br\/index.php\/2024\/02\/16\/isotretinoina-no-tratamento-da-acne\/#breadcrumb\",\"itemListElement\":[{\"@type\":\"ListItem\",\"position\":1,\"name\":\"In\u00edcio\",\"item\":\"https:\/\/avicenamedicina.com.br\/\"},{\"@type\":\"ListItem\",\"position\":2,\"name\":\"Isotretino\u00edna no tratamento da acne\"}]},{\"@type\":\"WebSite\",\"@id\":\"https:\/\/avicenamedicina.com.br\/#website\",\"url\":\"https:\/\/avicenamedicina.com.br\/\",\"name\":\"AVICENA MEDICINA\",\"description\":\"\",\"potentialAction\":[{\"@type\":\"SearchAction\",\"target\":{\"@type\":\"EntryPoint\",\"urlTemplate\":\"https:\/\/avicenamedicina.com.br\/?s={search_term_string}\"},\"query-input\":\"required name=search_term_string\"}],\"inLanguage\":\"pt-BR\"},{\"@type\":\"Person\",\"@id\":\"https:\/\/avicenamedicina.com.br\/#\/schema\/person\/b7c4979e8ff18d3ec329062280524b66\",\"name\":\"socialseven\",\"image\":{\"@type\":\"ImageObject\",\"inLanguage\":\"pt-BR\",\"@id\":\"https:\/\/avicenamedicina.com.br\/#\/schema\/person\/image\/\",\"url\":\"https:\/\/secure.gravatar.com\/avatar\/db2cb1c6bcac3ea113cb47f63a090ae7?s=96&d=mm&r=g\",\"contentUrl\":\"https:\/\/secure.gravatar.com\/avatar\/db2cb1c6bcac3ea113cb47f63a090ae7?s=96&d=mm&r=g\",\"caption\":\"socialseven\"},\"sameAs\":[\"https:\/\/avicenamedicina.com.br\"],\"url\":\"https:\/\/avicenamedicina.com.br\/index.php\/author\/socialseven\/\"}]}<\/script>\n<!-- \/ Yoast SEO plugin. -->","yoast_head_json":{"title":"Isotretino\u00edna no tratamento da acne - AVICENA MEDICINA","robots":{"index":"index","follow":"follow","max-snippet":"max-snippet:-1","max-image-preview":"max-image-preview:large","max-video-preview":"max-video-preview:-1"},"canonical":"https:\/\/avicenamedicina.com.br\/index.php\/2024\/02\/16\/isotretinoina-no-tratamento-da-acne\/","og_locale":"pt_BR","og_type":"article","og_title":"Isotretino\u00edna no tratamento da acne - AVICENA MEDICINA","og_description":"A Sociedade Brasileira de Dermatologia esclarece que a acne vulgar \u00e9 uma das doen\u00e7as mais comuns tratadas por dermatologistas, afetando aproximadamente 80% da popula\u00e7\u00e3o em algum momento de suas vidas. A evolu\u00e7\u00e3o da acne pode levar a cicatrizes inest\u00e9ticas e afetar autoestima dos pacientes. O tratamento precoce e eficaz pode prevenir esses problemas. A isotretino\u00edna [&hellip;]","og_url":"https:\/\/avicenamedicina.com.br\/index.php\/2024\/02\/16\/isotretinoina-no-tratamento-da-acne\/","og_site_name":"AVICENA MEDICINA","article_published_time":"2024-02-16T21:22:50+00:00","og_image":[{"width":666,"height":370,"url":"https:\/\/avicenamedicina.com.br\/wp-content\/uploads\/2024\/02\/acne.jpg","type":"image\/jpeg"}],"author":"socialseven","twitter_card":"summary_large_image","twitter_misc":{"Escrito por":"socialseven","Est. tempo de leitura":"2 minutos"},"schema":{"@context":"https:\/\/schema.org","@graph":[{"@type":"WebPage","@id":"https:\/\/avicenamedicina.com.br\/index.php\/2024\/02\/16\/isotretinoina-no-tratamento-da-acne\/","url":"https:\/\/avicenamedicina.com.br\/index.php\/2024\/02\/16\/isotretinoina-no-tratamento-da-acne\/","name":"Isotretino\u00edna no tratamento da acne - AVICENA MEDICINA","isPartOf":{"@id":"https:\/\/avicenamedicina.com.br\/#website"},"primaryImageOfPage":{"@id":"https:\/\/avicenamedicina.com.br\/index.php\/2024\/02\/16\/isotretinoina-no-tratamento-da-acne\/#primaryimage"},"image":{"@id":"https:\/\/avicenamedicina.com.br\/index.php\/2024\/02\/16\/isotretinoina-no-tratamento-da-acne\/#primaryimage"},"thumbnailUrl":"https:\/\/avicenamedicina.com.br\/wp-content\/uploads\/2024\/02\/acne.jpg","datePublished":"2024-02-16T21:22:50+00:00","dateModified":"2024-02-16T21:22:50+00:00","author":{"@id":"https:\/\/avicenamedicina.com.br\/#\/schema\/person\/b7c4979e8ff18d3ec329062280524b66"},"breadcrumb":{"@id":"https:\/\/avicenamedicina.com.br\/index.php\/2024\/02\/16\/isotretinoina-no-tratamento-da-acne\/#breadcrumb"},"inLanguage":"pt-BR","potentialAction":[{"@type":"ReadAction","target":["https:\/\/avicenamedicina.com.br\/index.php\/2024\/02\/16\/isotretinoina-no-tratamento-da-acne\/"]}]},{"@type":"ImageObject","inLanguage":"pt-BR","@id":"https:\/\/avicenamedicina.com.br\/index.php\/2024\/02\/16\/isotretinoina-no-tratamento-da-acne\/#primaryimage","url":"https:\/\/avicenamedicina.com.br\/wp-content\/uploads\/2024\/02\/acne.jpg","contentUrl":"https:\/\/avicenamedicina.com.br\/wp-content\/uploads\/2024\/02\/acne.jpg","width":666,"height":370},{"@type":"BreadcrumbList","@id":"https:\/\/avicenamedicina.com.br\/index.php\/2024\/02\/16\/isotretinoina-no-tratamento-da-acne\/#breadcrumb","itemListElement":[{"@type":"ListItem","position":1,"name":"In\u00edcio","item":"https:\/\/avicenamedicina.com.br\/"},{"@type":"ListItem","position":2,"name":"Isotretino\u00edna no tratamento da acne"}]},{"@type":"WebSite","@id":"https:\/\/avicenamedicina.com.br\/#website","url":"https:\/\/avicenamedicina.com.br\/","name":"AVICENA MEDICINA","description":"","potentialAction":[{"@type":"SearchAction","target":{"@type":"EntryPoint","urlTemplate":"https:\/\/avicenamedicina.com.br\/?s={search_term_string}"},"query-input":"required name=search_term_string"}],"inLanguage":"pt-BR"},{"@type":"Person","@id":"https:\/\/avicenamedicina.com.br\/#\/schema\/person\/b7c4979e8ff18d3ec329062280524b66","name":"socialseven","image":{"@type":"ImageObject","inLanguage":"pt-BR","@id":"https:\/\/avicenamedicina.com.br\/#\/schema\/person\/image\/","url":"https:\/\/secure.gravatar.com\/avatar\/db2cb1c6bcac3ea113cb47f63a090ae7?s=96&d=mm&r=g","contentUrl":"https:\/\/secure.gravatar.com\/avatar\/db2cb1c6bcac3ea113cb47f63a090ae7?s=96&d=mm&r=g","caption":"socialseven"},"sameAs":["https:\/\/avicenamedicina.com.br"],"url":"https:\/\/avicenamedicina.com.br\/index.php\/author\/socialseven\/"}]}},"_links":{"self":[{"href":"https:\/\/avicenamedicina.com.br\/index.php\/wp-json\/wp\/v2\/posts\/718"}],"collection":[{"href":"https:\/\/avicenamedicina.com.br\/index.php\/wp-json\/wp\/v2\/posts"}],"about":[{"href":"https:\/\/avicenamedicina.com.br\/index.php\/wp-json\/wp\/v2\/types\/post"}],"author":[{"embeddable":true,"href":"https:\/\/avicenamedicina.com.br\/index.php\/wp-json\/wp\/v2\/users\/1"}],"replies":[{"embeddable":true,"href":"https:\/\/avicenamedicina.com.br\/index.php\/wp-json\/wp\/v2\/comments?post=718"}],"version-history":[{"count":1,"href":"https:\/\/avicenamedicina.com.br\/index.php\/wp-json\/wp\/v2\/posts\/718\/revisions"}],"predecessor-version":[{"id":727,"href":"https:\/\/avicenamedicina.com.br\/index.php\/wp-json\/wp\/v2\/posts\/718\/revisions\/727"}],"wp:featuredmedia":[{"embeddable":true,"href":"https:\/\/avicenamedicina.com.br\/index.php\/wp-json\/wp\/v2\/media\/726"}],"wp:attachment":[{"href":"https:\/\/avicenamedicina.com.br\/index.php\/wp-json\/wp\/v2\/media?parent=718"}],"wp:term":[{"taxonomy":"category","embeddable":true,"href":"https:\/\/avicenamedicina.com.br\/index.php\/wp-json\/wp\/v2\/categories?post=718"},{"taxonomy":"post_tag","embeddable":true,"href":"https:\/\/avicenamedicina.com.br\/index.php\/wp-json\/wp\/v2\/tags?post=718"}],"curies":[{"name":"wp","href":"https:\/\/api.w.org\/{rel}","templated":true}]}}